[{"command":"settings","settings":{"pluralDelimiter":"\u0003","suppressDeprecationErrors":true,"user":{"uid":0,"permissionsHash":"d9587e6f410d2e7f476e3da6cb10a457c78ab82347f962bf83d9020620f901dd"}},"merge":true},{"command":"add_css","data":[{"rel":"stylesheet","media":"all","href":"\/modules\/contrib\/addtocal\/addtocal.css?t2408i"},{"rel":"stylesheet","media":"all","href":"\/themes\/custom\/cest2025\/css\/components\/node.css?t2408i"}]},{"command":"add_js","selector":"body","data":[{"src":"\/core\/assets\/vendor\/jquery\/jquery.min.js?v=3.7.1"},{"src":"\/core\/assets\/vendor\/once\/once.min.js?v=1.0.1"},{"src":"\/core\/misc\/drupalSettingsLoader.js?v=10.5.1"},{"src":"\/core\/misc\/drupal.js?v=10.5.1"},{"src":"\/core\/misc\/drupal.init.js?v=10.5.1"},{"src":"\/modules\/contrib\/addtocal\/addtocal.js?v=10.5.1"},{"src":"\/modules\/contrib\/addtocal\/addtocal-download.js?v=10.5.1"}]},{"command":"openDialog","selector":"#drupal-modal","settings":null,"data":"\n\u003Carticle class=\u0022node node--type-presentation node--promoted node--view-mode-modal\u0022\u003E\n      \u003Cdiv\u003ESession 22 - Advancing Climate Resilience through Engagement of Citizens: Insights from the CLIMAS Project\u003C\/div\u003E\n  \n      \u003Cb\u003E\u003Cspan\u003EMeasuring the Impact of Climate Assemblies Through Participant Surveys \u003C\/span\u003E\n\u003C\/b\u003E\n  \n      \u003Cdiv\u003E\u003Cb\u003ECEST ID: cest2025_00218\u003C\/b\u003E\u003C\/div\u003E\n  \n        \u003Cdiv class=\u0022mb-3\u0022\u003E\n      \u003Cb\u003ERoom Aegle A | Fri 5 Sep 2025 | 12:00 - 12:10 pm\u003C\/b\u003E\n    \u003C\/div\u003E\n  \n          \n    \n  \n      \u003Cdiv class=\u0022mt-10\u0022\u003E\n            \u003Cdiv class=\u0022clearfix text-formatted field field--name-presentation-body field--type-text-long field--label-hidden field__item\u0022\u003EClimate assemblies provide a platform for citizens to deliberate and contribute to solutions for pressing environmental issues. Understanding their impact on participants is essential for evaluating their effectiveness and shaping future assemblies. This study presents the findings of surveys conducted among participants of two Climate Assemblies in Riga and Edermunde. The surveys aimed to assess participants\u2019 understanding, engagement, and outcomes of their involvement, while exploring opportunities for improvement. Findings revealed that participants generally felt well-supported by the materials provided and valued satisfactorily the inclusivity of the discussions. However, feedback also highlighted areas for improvement, including ensuring balanced representation of underrepresented groups and optimizing the learning phase for greater clarity and engagement. The survey responses also pointed out that participants found the climate assembly useful in helping them understand and think critically about climate issues, suggesting that climate assemblies can significantly empower citizens to engage critically with environmental challenges. This study\u2019s findings will inform the design and execution of future assemblies, ensuring they remain effective platforms for citizen engagement in addressing climate change.\u003C\/div\u003E\n      \u003C\/div\u003E\n  \n  \u003Cdiv class=\u0022mt-5 mb-5\u0022\u003E\n          \u003Cspan\u003E\n          \u003Cb\u003EPresenter:\u003C\/b\u003E\n                      \u003Cp\u003E\n            Dr Kyriaki - Maria Fameli\n            \u003C\/p\u003E\n                  \u003C\/span\u003E\n      \u003C\/div\u003E\n\n  \u003Cdiv class=\u0022mb-5\u0022\u003E\n          \u003Cdiv class=\u0022field__label\u0022\u003E\n        Authors\n      \u003C\/div\u003E\n              \u003Cp\u003E\n          Kyriaki - Maria Fameli\n        \u003C\/p\u003E\n              \u003Cp\u003E\n          Anna Maria Kotrikla\n        \u003C\/p\u003E\n              \u003Cp\u003E\n          Amalia Polydoropoulou\n        \u003C\/p\u003E\n              \u003Cp\u003E\n          GEORGIA Priniotaki\n        \u003C\/p\u003E\n              \u003Cp\u003E\n          Dimitrios Mpontozis\n        \u003C\/p\u003E\n              \u003Cp\u003E\n          MONIKA Ma\u010diulien\u0117\n        \u003C\/p\u003E\n              \u003Cp\u003E\n          GINTAR\u0116 Gulevi\u010di\u016bt\u0117\n        \u003C\/p\u003E\n              \u003Cp\u003E\n          Julia  Hoffman\n        \u003C\/p\u003E\n              \u003Cp\u003E\n          Constantin  Schaefer\n        \u003C\/p\u003E\n              \u003Cp\u003E\n          Ariana  Apine\n        \u003C\/p\u003E\n              \u003Cp\u003E\n          Ingr\u012bda  Strazdi\u0146a\n        \u003C\/p\u003E\n              \u003Cp\u003E\n          FLORIDEA Di Ciommo\n        \u003C\/p\u003E\n            \u003C\/div\u003E\n\n\u003C\/article\u003E\n","dialogOptions":{"width":"700","position":{"my":"right top","at":"right top"},"closeOnEscape":true,"dialogClass":"presentation-dialog","modal":true,"title":"","classes":{"ui-dialog":"presentation-dialog"}}}]