[{"command":"settings","settings":{"pluralDelimiter":"\u0003","suppressDeprecationErrors":true,"user":{"uid":0,"permissionsHash":"d9587e6f410d2e7f476e3da6cb10a457c78ab82347f962bf83d9020620f901dd"}},"merge":true},{"command":"add_css","data":[{"rel":"stylesheet","media":"all","href":"\/modules\/contrib\/addtocal\/addtocal.css?t2408i"},{"rel":"stylesheet","media":"all","href":"\/themes\/custom\/cest2025\/css\/components\/node.css?t2408i"}]},{"command":"add_js","selector":"body","data":[{"src":"\/core\/assets\/vendor\/jquery\/jquery.min.js?v=3.7.1"},{"src":"\/core\/assets\/vendor\/once\/once.min.js?v=1.0.1"},{"src":"\/core\/misc\/drupalSettingsLoader.js?v=10.5.1"},{"src":"\/core\/misc\/drupal.js?v=10.5.1"},{"src":"\/core\/misc\/drupal.init.js?v=10.5.1"},{"src":"\/modules\/contrib\/addtocal\/addtocal.js?v=10.5.1"},{"src":"\/modules\/contrib\/addtocal\/addtocal-download.js?v=10.5.1"}]},{"command":"openDialog","selector":"#drupal-modal","settings":null,"data":"\n\u003Carticle class=\u0022node node--type-presentation node--promoted node--view-mode-modal\u0022\u003E\n      \u003Cdiv\u003ESession 22 - Advancing Climate Resilience through Engagement of Citizens: Insights from the CLIMAS Project\u003C\/div\u003E\n  \n      \u003Cb\u003E\u003Cspan\u003EEmpowering Participatory Climate Governance: The CLIMAS Toolbox for Citizen-Driven Adaptation Strategies in Europe \u003C\/span\u003E\n\u003C\/b\u003E\n  \n      \u003Cdiv\u003E\u003Cb\u003ECEST ID: cest2025_00442\u003C\/b\u003E\u003C\/div\u003E\n  \n        \u003Cdiv class=\u0022mb-3\u0022\u003E\n      \u003Cb\u003ERoom Aegle A | Fri 5 Sep 2025 | 11:40 - 11:50 am\u003C\/b\u003E\n    \u003C\/div\u003E\n  \n          \n    \n  \n      \u003Cdiv class=\u0022mt-10\u0022\u003E\n            \u003Cdiv class=\u0022clearfix text-formatted field field--name-presentation-body field--type-text-long field--label-hidden field__item\u0022\u003EClimate change presents increasingly complex and urgent challenges that demand inclusive, adaptive, and democratic governance. Traditional top-down policy making has proven insufficient in addressing the societal impacts of extreme weather events and long-term climate risks. In response, the CLIMAS project (Climate Adaptation and Resilience Toolbox for EU Regions) introduces an innovative, participatory approach to climate adaptation planning through the development of the CLIMAS Toolbox\u2014a suite of seven co-created tools that support citizen engagement in local and regional climate policymaking.\nThe Toolbox promotes a shift toward a \u201cresilient by design\u201d society by embedding deliberative, values-based, and citizen-driven processes into climate adaptation strategies. It includes: (1) a methodology for participatory future scenario building; (2) guidelines for establishing Climate Assemblies; (3) tools for integrating citizen science; (4) a scenario prioritization framework using Multi-Criteria Analysis (AHP); (5) mechanisms to embed outcomes into dynamic adaptation planning; (6) a Knowledge and Evidence-Based Support (KEBS) tool for agenda setting; and (7) a multilingual digital platform integrating all functionalities. Each tool is designed to enhance inclusivity, knowledge co-production, and long-term policy impact.\nTested in three regional Climate Assemblies (Catalunya, Riga, and Ederm\u00fcnde) and three Living Labs (Ebro Delta, Chios, and Vilnius), the Toolbox demonstrates how structured citizen participation can generate socially relevant scenarios, improve trust in decision-making, and support evidence-informed adaptation policies. The CLIMAS project thus contributes actionable insights and methodologies for scaling participatory climate governance across the European Union.\u003C\/div\u003E\n      \u003C\/div\u003E\n  \n  \u003Cdiv class=\u0022mt-5 mb-5\u0022\u003E\n          \u003Cspan\u003E\n          \u003Cb\u003EPresenter:\u003C\/b\u003E\n                      \u003Cp\u003E\n            GEORGIA Priniotaki\n            \u003C\/p\u003E\n                  \u003C\/span\u003E\n      \u003C\/div\u003E\n\n  \u003Cdiv class=\u0022mb-5\u0022\u003E\n          \u003Cdiv class=\u0022field__label\u0022\u003E\n        Authors\n      \u003C\/div\u003E\n              \u003Cp\u003E\n          GEORGIA Priniotaki\n        \u003C\/p\u003E\n              \u003Cp\u003E\n          Kyriaki - Maria Fameli\n        \u003C\/p\u003E\n              \u003Cp\u003E\n          Anna Maria Kotrikla\n        \u003C\/p\u003E\n              \u003Cp\u003E\n          Amalia Polydoropoulou\n        \u003C\/p\u003E\n              \u003Cp\u003E\n          Dimitrios Mpontozis\n        \u003C\/p\u003E\n              \u003Cp\u003E\n          FLORIDEA Di Ciommo\n        \u003C\/p\u003E\n              \u003Cp\u003E\n          AZIZUR Rahman\n        \u003C\/p\u003E\n              \u003Cp\u003E\n          AELITA Skar\u017eauskien\u0117\n        \u003C\/p\u003E\n              \u003Cp\u003E\n          MONIKA Ma\u010diulien\u0117\n        \u003C\/p\u003E\n              \u003Cp\u003E\n          GINTAR\u0116 Gulevi\u010di\u016bt\u0117\n        \u003C\/p\u003E\n            \u003C\/div\u003E\n\n\u003C\/article\u003E\n","dialogOptions":{"width":"700","position":{"my":"right top","at":"right top"},"closeOnEscape":true,"dialogClass":"presentation-dialog","modal":true,"title":"","classes":{"ui-dialog":"presentation-dialog"}}}]