[{"command":"settings","settings":{"pluralDelimiter":"\u0003","suppressDeprecationErrors":true,"user":{"uid":0,"permissionsHash":"d9587e6f410d2e7f476e3da6cb10a457c78ab82347f962bf83d9020620f901dd"}},"merge":true},{"command":"add_css","data":[{"rel":"stylesheet","media":"all","href":"\/modules\/contrib\/addtocal\/addtocal.css?t2408i"},{"rel":"stylesheet","media":"all","href":"\/themes\/custom\/cest2025\/css\/components\/node.css?t2408i"}]},{"command":"add_js","selector":"body","data":[{"src":"\/core\/assets\/vendor\/jquery\/jquery.min.js?v=3.7.1"},{"src":"\/core\/assets\/vendor\/once\/once.min.js?v=1.0.1"},{"src":"\/core\/misc\/drupalSettingsLoader.js?v=10.5.1"},{"src":"\/core\/misc\/drupal.js?v=10.5.1"},{"src":"\/core\/misc\/drupal.init.js?v=10.5.1"},{"src":"\/modules\/contrib\/addtocal\/addtocal.js?v=10.5.1"},{"src":"\/modules\/contrib\/addtocal\/addtocal-download.js?v=10.5.1"}]},{"command":"openDialog","selector":"#drupal-modal","settings":null,"data":"\n\u003Carticle class=\u0022node node--type-presentation node--promoted node--view-mode-modal\u0022\u003E\n      \u003Cdiv\u003ESession 29 - Agroforestry, Forest and Agricultural Sustainability\u003C\/div\u003E\n  \n      \u003Cb\u003E\u003Cspan\u003EAF4EU Buzz: Unveiling Beekeeping Value Chain and Sustainable Agroforestry Practices in the EU\u003C\/span\u003E\n\u003C\/b\u003E\n  \n      \u003Cdiv\u003E\u003Cb\u003ECEST ID: cest2025_00078\u003C\/b\u003E\u003C\/div\u003E\n  \n        \u003Cdiv class=\u0022mb-3\u0022\u003E\n      \u003Cb\u003ERoom Aegle A | Sat 6 Sep 2025 | 09:50 - 10:00 am\u003C\/b\u003E\n    \u003C\/div\u003E\n  \n          \n    \n  \n      \u003Cdiv class=\u0022mt-10\u0022\u003E\n            \u003Cdiv class=\u0022clearfix text-formatted field field--name-presentation-body field--type-text-long field--label-hidden field__item\u0022\u003EThis study examines the honey farm value chain developed within the European Agroforestry Business Model Innovation Network (AF4EU) project, which aims to promote agroforestry practices across Europe. Despite being the world\u0027s second-largest honey producer, the EU still requires imports to meet domestic demand (European Commission, 2024). The AF4EU project created value chains through co-creation workshops. Honey farms were recognized as significant across all climatic regions involved in the project, with participants identifying direct sales of honey and other products as the main revenue stream. Inputs such as beehive production and post-harvest machinery were considered external to the farm, while ecosystem services and training emerged as key outcomes. This study highlights the importance of short supply chains and traditional beekeeping knowledge in supporting sustainable honey production.\u003C\/div\u003E\n      \u003C\/div\u003E\n  \n  \u003Cdiv class=\u0022mt-5 mb-5\u0022\u003E\n          \u003Cspan\u003E\n          \u003Cb\u003EPresenter:\u003C\/b\u003E\n                      \u003Cp\u003E\n            Dr Mar\u00eda Rosa Mosquera-Losada\n            \u003C\/p\u003E\n                  \u003C\/span\u003E\n      \u003C\/div\u003E\n\n  \u003Cdiv class=\u0022mb-5\u0022\u003E\n          \u003Cdiv class=\u0022field__label\u0022\u003E\n        Authors\n      \u003C\/div\u003E\n              \u003Cp\u003E\n          Ana Couso-Viana\n        \u003C\/p\u003E\n              \u003Cp\u003E\n          Francisco Javier Rodr\u00edguez-Rigueiro\n        \u003C\/p\u003E\n              \u003Cp\u003E\n          Nuria Ferreiro-Dom\u00ednguez\n        \u003C\/p\u003E\n              \u003Cp\u003E\n          A Hosseini\n        \u003C\/p\u003E\n              \u003Cp\u003E\n          Esther Vali\u00f1o \n        \u003C\/p\u003E\n              \u003Cp\u003E\n          Alexandros Fournarakos\n        \u003C\/p\u003E\n              \u003Cp\u003E\n          S Fountas\n        \u003C\/p\u003E\n              \u003Cp\u003E\n          A Pantera\n        \u003C\/p\u003E\n              \u003Cp\u003E\n          Andreas Papadopoulos\n        \u003C\/p\u003E\n              \u003Cp\u003E\n          John Casey \n        \u003C\/p\u003E\n              \u003Cp\u003E\n          P Zander \n        \u003C\/p\u003E\n              \u003Cp\u003E\n          Marco Ciolfi\n        \u003C\/p\u003E\n              \u003Cp\u003E\n          Piero Paris\n        \u003C\/p\u003E\n              \u003Cp\u003E\n          Jose Antonio Aldrey-V\u00e1zquez\n        \u003C\/p\u003E\n              \u003Cp\u003E\n          Mar\u00eda Jes\u00fas Taboada-Iglesias\n        \u003C\/p\u003E\n              \u003Cp\u003E\n          Antonio Rigueiro-Rodr\u00edguez\n        \u003C\/p\u003E\n              \u003Cp\u003E\n          Juan Luis Fern\u00e1ndez-Lorenzo\n        \u003C\/p\u003E\n              \u003Cp\u003E\n          Mar\u00eda Pilar Gonz\u00e1lez-Hern\u00e1ndez\n        \u003C\/p\u003E\n              \u003Cp\u003E\n          Rosa Romero-Franco \n        \u003C\/p\u003E\n              \u003Cp\u003E\n          Mar\u00eda Rosa Mosquera-Losada\n        \u003C\/p\u003E\n            \u003C\/div\u003E\n\n\u003C\/article\u003E\n","dialogOptions":{"width":"700","position":{"my":"right top","at":"right top"},"closeOnEscape":true,"dialogClass":"presentation-dialog","modal":true,"title":"","classes":{"ui-dialog":"presentation-dialog"}}}]